[{"@context":"https:\/\/schema.org\/","@type":"Article","@id":"https:\/\/www.gerasis.cz\/co-bude-letos-v-kurzu\/#Article","mainEntityOfPage":"https:\/\/www.gerasis.cz\/co-bude-letos-v-kurzu\/","headline":"Co bude letos v kurzu?","name":"Co bude letos v kurzu?","description":"Pod\u00edvejme se tedy nejprve na to, co m\u00e1te nyn\u00ed ve sv\u00fdch sk\u0159\u00edn\u00edch. Na ka\u017ed\u00e9ho jist\u011b ze sk\u0159\u00edn\u011b kouk\u00e1 mnoho kousk\u016f oble\u010den\u00ed, kter\u00e9 ji\u017e nenos\u00ed a jen zde zab\u00edr\u00e1 m\u00edsto. Tak se do toho dejme a v\u0161e ze sk\u0159\u00edn\u011b postupn\u011b budeme d\u00e1vat na jednu hromadu. A kdy\u017e u\u017e bude v\u0161e venku, vezmeme postupn\u011b do...","datePublished":"2019-03-03","dateModified":"2023-05-01","author":{"@type":"Person","@id":"https:\/\/www.gerasis.cz\/author\/#Person","name":"","url":"https:\/\/www.gerasis.cz\/author\/","identifier":1,"image":{"@type":"ImageObject","@id":"https:\/\/secure.gravatar.com\/avatar\/edf965aa5e6319b22667bed24bb070a38fc0326fd1c728db50dc1d860a4a16ad?s=96&d=mm&r=g","url":"https:\/\/secure.gravatar.com\/avatar\/edf965aa5e6319b22667bed24bb070a38fc0326fd1c728db50dc1d860a4a16ad?s=96&d=mm&r=g","height":96,"width":96}},"publisher":{"@type":"Organization","name":"gerasis.cz","logo":{"@type":"ImageObject","@id":"\/logo.png","url":"\/logo.png","width":600,"height":60}},"image":{"@type":"ImageObject","@id":"https:\/\/www.gerasis.cz\/wp-content\/uploads\/img_a339890_w2019_t1552992519.jpg","url":"https:\/\/www.gerasis.cz\/wp-content\/uploads\/img_a339890_w2019_t1552992519.jpg","height":0,"width":0},"url":"https:\/\/www.gerasis.cz\/co-bude-letos-v-kurzu\/","wordCount":414,"articleBody":"Pod\u00edvejme se tedy nejprve na to, co m\u00e1te nyn\u00ed ve sv\u00fdch sk\u0159\u00edn\u00edch. Na ka\u017ed\u00e9ho jist\u011b ze sk\u0159\u00edn\u011b kouk\u00e1 mnoho kousk\u016f oble\u010den\u00ed, kter\u00e9 ji\u017e nenos\u00ed a jen zde zab\u00edr\u00e1 m\u00edsto. Tak se do toho dejme a v\u0161e ze sk\u0159\u00edn\u011b postupn\u011b budeme d\u00e1vat na jednu hromadu. A kdy\u017e u\u017e bude v\u0161e venku, vezmeme postupn\u011b do rukou ka\u017ed\u00fd kousek oble\u010den\u00ed, prohl\u00eddneme si, v jak\u00e9m je stavu a pokud ji\u017e p\u0159ipom\u00edn\u00e1 hadr na podlahu, vy\u0159ad\u00edme jej. Vy\u0159ad\u00edme tak\u00e9 v\u0161echno oble\u010den\u00ed, kter\u00e9 n\u00e1m ji\u017e nen\u00ed, \u010di kter\u00e9 jsme na sob\u011b nem\u011bli v\u00edce ne\u017e rok. Pot\u00e9 zbyl\u00e9 kousky naskl\u00e1d\u00e1me zp\u011bt do sk\u0159\u00edn\u011b. Vid\u00edte, najednou je m\u00edsta pro nov\u00e9 kousky dost. Nyn\u00ed se m\u016f\u017eeme pod\u00edvat na to, co se bude nosit. Nebojte se jasn\u00fdch barev, zejm\u00e9na \u017elut\u00e9, oran\u017eov\u00e9 a \u010derven\u00e9. Nechcete se p\u0159eci ztratit v davu, ale naopak vyniknout. Vesel\u00e9, jasn\u00e9 a netlumen\u00e9 barvy budou v kurzu. Co se t\u00fd\u010de d\u00e1msk\u00fdch \u0161at\u016f, budou se nosit sp\u00ed\u0161e v krat\u0161\u00edch a\u017e mini d\u00e9lk\u00e1ch, s objemn\u00fdmi na\u010dechran\u00fdmi ruk\u00e1vy, ale letos zapome\u0148te na vol\u00e1nky, krajka z\u016fst\u00e1v\u00e1 i nad\u00e1le p\u0159\u00edpustn\u00e1. Tak\u00e9 budou velk\u00fdm hitem ko\u0161ilov\u00e9 \u0161aty, a\u0165 u\u017e kostkovan\u00e9, nebo \u010dist\u011b b\u00edl\u00e9, \u010di s barevn\u00fdmi c\u00e1kanci. V chladn\u011bj\u0161\u00edch dnech budou v kurzu kalhotov\u00e9 kost\u00fdm t\u00e9\u017e jasn\u00fdch barev, s\u00e1\u010dka ve st\u0159ihu p\u0159\u00edmo na t\u011blo a v\u00fdrazn\u00e9 vesty, kter\u00e9 se hod\u00ed ke v\u0161emu. V\u00fdrazn\u00e9 a velk\u00e9 kv\u011btinov\u00e9 vzory se budou nosit na v\u0161em, v\u010detn\u011b leg\u00edn, sukn\u00ed \u0161at\u016f i kr\u00e1tk\u00fdch kalhot. Pokud p\u0159eci jen rad\u011bji vol\u00edte neutr\u00e1ln\u00ed barvy, jako je \u010dern\u00e1, b\u00edl\u00e1 a \u0161ed\u00e1, dopl\u0148te je alespo\u0148 v\u00fdrazn\u00fdmi dopl\u0148ky v pestr\u00fdch barv\u00e1ch, v\u00fdrazn\u00fdmi lodi\u010dkami na \u0161ir\u0161\u00edm podpatku a kabelkou slad\u011bnou s botami. Volte tak\u00e9 asymetrick\u00e9 tvary, v\u00fdrazn\u00e9, nad\u00fdchan\u00e9 ruk\u00e1vy a origin\u00e1ln\u00ed, neokoukan\u00e9 klobouky. Nezapome\u0148te, m\u00f3da je hra barev a tvar\u016f, kde se m\u016f\u017ee Va\u0161e fantazie dosyta vy\u0159\u00eddit a zkou\u0161et nov\u00e9, neot\u0159el\u00e9 modely a kombinace ukazuj\u00edc\u00ed zdrav\u00e9 sebev\u011bdom\u00ed, proto\u017ee jenom tak budete opravdu \u0161ik a v kurzu.                                                                                                                                                                                                                                                                                                                                                                                        4.3\/5 - (14 votes)        "},{"@context":"https:\/\/schema.org\/","@type":"BreadcrumbList","itemListElement":[{"@type":"ListItem","position":1,"name":"Co bude letos v kurzu?","item":"https:\/\/www.gerasis.cz\/co-bude-letos-v-kurzu\/#breadcrumbitem"}]}]