[{"@context":"https:\/\/schema.org\/","@type":"Article","@id":"https:\/\/www.gerasis.cz\/svitit-se-da-usporne\/#Article","mainEntityOfPage":"https:\/\/www.gerasis.cz\/svitit-se-da-usporne\/","headline":"Sv\u00edtit se d\u00e1 \u00fasporn\u011b","name":"Sv\u00edtit se d\u00e1 \u00fasporn\u011b","description":"A to s \u00fasporn\u00fdmi \u017e\u00e1rovkami. A\u010dkoliv jsou na na\u0161em trhu ji\u017e celou \u0159adu let, ne v\u0161ichni se sezn\u00e1mili s jejich v\u00fdhodami a st\u00e1le je\u0161t\u011b nalezneme celou \u0159adu dom\u00e1cnost\u00ed, ve kter\u00fdch se vyskytuje star\u00fd typ \u017e\u00e1rovek. Jejich u\u017eivatel\u00e9 si neuv\u011bdomili nesporn\u00e9 v\u00fdhody, kter\u00e9 z\u00edskaj\u00ed s po\u0159\u00edzen\u00edm jejich \u00fasporn\u00e9ho prot\u011bj\u0161ku. Nejen, \u017ee je ka\u017ed\u00e9 sv\u00edcen\u00ed...","datePublished":"2024-12-24","dateModified":"2024-12-24","author":{"@type":"Person","@id":"https:\/\/www.gerasis.cz\/author\/#Person","name":"","url":"https:\/\/www.gerasis.cz\/author\/","identifier":1,"image":{"@type":"ImageObject","@id":"https:\/\/secure.gravatar.com\/avatar\/edf965aa5e6319b22667bed24bb070a38fc0326fd1c728db50dc1d860a4a16ad?s=96&d=mm&r=g","url":"https:\/\/secure.gravatar.com\/avatar\/edf965aa5e6319b22667bed24bb070a38fc0326fd1c728db50dc1d860a4a16ad?s=96&d=mm&r=g","height":96,"width":96}},"publisher":{"@type":"Organization","name":"gerasis.cz","logo":{"@type":"ImageObject","@id":"\/logo.png","url":"\/logo.png","width":600,"height":60}},"url":"https:\/\/www.gerasis.cz\/svitit-se-da-usporne\/","wordCount":235,"articleBody":" A to s \u00fasporn\u00fdmi \u017e\u00e1rovkami. A\u010dkoliv jsou na na\u0161em trhu ji\u017e celou \u0159adu let, ne v\u0161ichni se sezn\u00e1mili s jejich v\u00fdhodami a st\u00e1le je\u0161t\u011b nalezneme celou \u0159adu dom\u00e1cnost\u00ed, ve kter\u00fdch se vyskytuje star\u00fd typ \u017e\u00e1rovek. Jejich u\u017eivatel\u00e9 si neuv\u011bdomili nesporn\u00e9 v\u00fdhody, kter\u00e9 z\u00edskaj\u00ed s po\u0159\u00edzen\u00edm jejich \u00fasporn\u00e9ho prot\u011bj\u0161ku. Nejen, \u017ee je ka\u017ed\u00e9 sv\u00edcen\u00ed bude st\u00e1t mnohem m\u00e9n\u011b pen\u011bz, ale u\u0161et\u0159\u00ed i p\u0159i po\u0159izov\u00e1n\u00ed, jeliko\u017e nov\u00fd typ \u00fasporn\u00fdch \u017e\u00e1rovek m\u00e1 nesrovnateln\u011b del\u0161\u00ed \u017eivotnost. Tak u\u017e i vy doma vym\u011b\u0148te star\u00fd typ a kone\u010dn\u011b si rozsvi\u0165te modern\u011b! Pat\u0159\u00ed i do modern\u00edch kuchyn\u00ed \u017de je z\u00e1\u0159ivka ji\u017e dnes n\u011bco nemodern\u00edho? Ur\u010dit\u011b to nen\u00ed pravda. Jej\u00ed obliba je toho d\u016fkazem. Proto rozhodn\u011b neud\u011bl\u00e1te chybu, kdy\u017e si ji i vy po\u0159\u00edd\u00edte pod svou novou, modern\u00ed kuchy\u0148skou linku. D\u00edky studen\u00e9mu odst\u00ednu sv\u011btla se tak nejv\u00edce bl\u00ed\u017e\u00ed p\u0159irozen\u00e9mu denn\u00edmu osv\u011btlen\u00ed a d\u00edky tomu se v\u00e1m, s jej\u00ed pomoc\u00ed, bude na kuchy\u0148sk\u00e9 desce pracovat mnohem p\u0159\u00edjemn\u011bji. A proto\u017ee je dostupn\u00e1 v cel\u00e9 \u0159ad\u011b proveden\u00ed i model\u016f, ka\u017ed\u00fd m\u00e1 mo\u017enost vybrat si tu, kter\u00e1 nejl\u00e9pe lad\u00ed s interi\u00e9rem dom\u00e1cnosti.                                                                                                                                                                                                                                                                                                                                                                                         4.2\/5 - (5 votes)        "},{"@context":"https:\/\/schema.org\/","@type":"BreadcrumbList","itemListElement":[{"@type":"ListItem","position":1,"name":"Sv\u00edtit se d\u00e1 \u00fasporn\u011b","item":"https:\/\/www.gerasis.cz\/svitit-se-da-usporne\/#breadcrumbitem"}]}]