[{"@context":"https:\/\/schema.org\/","@type":"Article","@id":"https:\/\/www.gerasis.cz\/ted-jsme-prave-dole\/#Article","mainEntityOfPage":"https:\/\/www.gerasis.cz\/ted-jsme-prave-dole\/","headline":"Te\u010f jsme pr\u00e1v\u011b dole","name":"Te\u010f jsme pr\u00e1v\u011b dole","description":"N\u011bkdy se r\u016fzn\u00fdm zem\u00edm da\u0159\u00ed po ekonomick\u00e9 str\u00e1nce r\u016fzn\u011b. Tyto jsou v\u00a0jednu chv\u00edli naho\u0159e a da\u0159\u00ed se jim t\u0159eba i vysloven\u011b skv\u011ble, zat\u00edmco jindy se jejich ekonomika pro zm\u011bnu propad\u00e1 a nen\u00ed jim kv\u016fli tomu t\u0159eba ani trochu co z\u00e1vid\u011bt. A pokud se tak u n\u011bkter\u00fdch zem\u00ed ned\u011bje, pak jde o st\u00e1ty, kter\u00e9...","datePublished":"2021-12-11","dateModified":"2023-05-01","author":{"@type":"Person","@id":"https:\/\/www.gerasis.cz\/author\/#Person","name":"","url":"https:\/\/www.gerasis.cz\/author\/","identifier":1,"image":{"@type":"ImageObject","@id":"https:\/\/secure.gravatar.com\/avatar\/edf965aa5e6319b22667bed24bb070a38fc0326fd1c728db50dc1d860a4a16ad?s=96&d=mm&r=g","url":"https:\/\/secure.gravatar.com\/avatar\/edf965aa5e6319b22667bed24bb070a38fc0326fd1c728db50dc1d860a4a16ad?s=96&d=mm&r=g","height":96,"width":96}},"publisher":{"@type":"Organization","name":"gerasis.cz","logo":{"@type":"ImageObject","@id":"\/logo.png","url":"\/logo.png","width":600,"height":60}},"image":{"@type":"ImageObject","@id":"https:\/\/www.gerasis.cz\/wp-content\/uploads\/drobn%C3%A9%20centavos.jpg","url":"https:\/\/www.gerasis.cz\/wp-content\/uploads\/drobn%C3%A9%20centavos.jpg","height":0,"width":0},"url":"https:\/\/www.gerasis.cz\/ted-jsme-prave-dole\/","about":["Ekonomika"],"wordCount":466,"articleBody":"N\u011bkdy se r\u016fzn\u00fdm zem\u00edm da\u0159\u00ed po ekonomick\u00e9 str\u00e1nce r\u016fzn\u011b. Tyto jsou v\u00a0jednu chv\u00edli naho\u0159e a da\u0159\u00ed se jim t\u0159eba i vysloven\u011b skv\u011ble, zat\u00edmco jindy se jejich ekonomika pro zm\u011bnu propad\u00e1 a nen\u00ed jim kv\u016fli tomu t\u0159eba ani trochu co z\u00e1vid\u011bt. A pokud se tak u n\u011bkter\u00fdch zem\u00ed ned\u011bje, pak jde o st\u00e1ty, kter\u00e9 jsou permanentn\u011b dole. A t\u011bm pochopiteln\u011b tak\u00e9 nen\u00ed co z\u00e1vid\u011bt.Nenajdeme zkr\u00e1tka zemi, kter\u00e1 by byla v\u00a0natolik skv\u011bl\u00e9 ekonomick\u00e9 situaci, jakou by si v\u00a0n\u00ed ka\u017ed\u00fd pochvaloval, nav\u011bky. B\u00fdvaj\u00ed tu i dramatick\u00e9 v\u00fdkyvy v\u00a0ekonomick\u00e9 \u00farovni, za kter\u00fdmi m\u016f\u017ee st\u00e1t cel\u00e1 \u0159ada d\u016fvod\u016f.A tak by m\u011bli b\u00fdt lid\u00e9 kdekoliv na sv\u011bt\u011b p\u0159ipraveni na probl\u00e9my, je\u017e jim m\u016f\u017ee ekonomika jejich zem\u011b p\u0159in\u00e1\u0161et. Je to d\u016fle\u017eit\u00e9 u\u017e i jenom proto, \u017ee se \u010dasto lidem neda\u0159\u00ed nejen v\u00a0dob\u00e1ch, kdy jde ekonomika ke dnu, ale klidn\u011b ani v\u00a0\u010dasech rozkv\u011btu. Ne v\u017edy odpov\u00edd\u00e1 situace jednotlivc\u016f stavu ekonomiky jako celku, a jen m\u00e1lokdy se lidem da\u0159\u00ed l\u00e9pe, kdy\u017e ekonomika kles\u00e1, a naopak si nemus\u00ed nutn\u011b polep\u0161it, kdy\u017e jsou tu dobr\u00e9 \u010dasy. Ka\u017ed\u00fd \u010dlov\u011bk by si m\u011bl nap\u0159\u00edklad na\u0161et\u0159it aspo\u0148 n\u011bjak\u00e9 ty pen\u00edze, d\u00edky nim\u017e by l\u00e9pe zvl\u00e1dnul pozd\u011bj\u0161\u00ed doby, kdy se mu nemus\u00ed da\u0159it. Jen\u017ee je bohu\u017eel pravdou, \u017ee t\u00edm takov\u00fd \u010dlov\u011bk neprosp\u00edv\u00e1 jenom sob\u011b, \u017ee t\u00edm tak\u00e9 \u201ap\u0159ikrmuje\u2018 inflaci, kter\u00e1 jeho \u00faspory pr\u016fb\u011b\u017en\u011b znehodnocuje. Co\u017e nen\u00ed nic p\u0159\u00edjemn\u00e9ho. Zejm\u00e9na kdy\u017e v\u00a0dne\u0161n\u00ed dob\u011b vid\u00edme, jak rostou ceny, ale nenajdeme zp\u016fsob spo\u0159en\u00ed, s\u00a0n\u00edm\u017e by se dala inflace aspo\u0148 z\u010d\u00e1sti poko\u0159it.\u017d\u00e1dn\u00fd \u010dlov\u011bk by tedy nem\u011bl s\u00e1zet jenom na to, \u017ee m\u00e1-li dost na\u0161et\u0159eno, m\u00e1 i vystar\u00e1no. Dne\u0161n\u00ed hodnota jeho jm\u011bn\u00ed nemus\u00ed vydr\u017eet a nejsp\u00ed\u0161 nevydr\u017e\u00ed v\u011b\u010dn\u011b. \u010clov\u011bk mus\u00ed tak\u00e9 pracovat, aby se po ekonomick\u00e9 str\u00e1nce pr\u016fb\u011b\u017en\u011b zajistil. Jen\u017ee jak v\u0161ichni v\u00edme, ne v\u017edy to n\u011bkdo takov\u00fd dok\u00e1\u017ee. A\u0165 u\u017e funguje ekonomika jakkoliv, v\u017edy jsou tu i ti, kte\u0159\u00ed si vyd\u011bl\u00e1vaj\u00ed m\u00e1lo nebo dokonce v\u016fbec nic. A t\u011bm pak m\u016f\u017ee b\u00fdt jedno, zda je ekonomick\u00e1 situace zem\u011b skv\u011bl\u00e1 nebo naopak.A tak se mus\u00edme sm\u00ed\u0159it s\u00a0t\u00edm, \u017ee je ekonomika d\u016fle\u017eit\u00e1. I kdy\u017e n\u00e1m nep\u0159in\u00e1\u0161\u00ed v\u017edy to, co bychom si p\u0159\u00e1li.                                                                                                                                                                                                                                                                                                                                                                                        4.2\/5 - (13 votes)        "},{"@context":"https:\/\/schema.org\/","@type":"BreadcrumbList","itemListElement":[{"@type":"ListItem","position":1,"name":"Te\u010f jsme pr\u00e1v\u011b dole","item":"https:\/\/www.gerasis.cz\/ted-jsme-prave-dole\/#breadcrumbitem"}]}]