[{"@context":"https:\/\/schema.org\/","@type":"Article","@id":"https:\/\/www.gerasis.cz\/vlazny-vzduch-doma\/#Article","mainEntityOfPage":"https:\/\/www.gerasis.cz\/vlazny-vzduch-doma\/","headline":"Vla\u017en\u00fd vzduch doma","name":"Vla\u017en\u00fd vzduch doma","description":"style=&#8220;margin:0cm 0cm 8pt&#8220;&gt;Opravdu nerada vzpom\u00edn\u00e1m na ty \u010dasy, kdy\u017e jsem byla doma a bylo \u00faporn\u00e9 vedro. Proto\u017ee nem\u00e1m r\u00e1da vedro, hlavn\u011b kdy\u017e se pot\u00edm. A nem\u00e1m r\u00e1da, kdy se na m\u011b lep\u00ed oble\u010den\u00ed a kdy\u017e cel\u00e1 pot\u00edm. V\u017edycky jsem tou\u017eila po tom, \u017ee budu m\u00edt n\u011bjak\u00e9 vzdu\u0161n\u00fd mal\u00fd byt anebo domek, kde budu...","datePublished":"2022-09-18","dateModified":"2023-05-01","author":{"@type":"Person","@id":"https:\/\/www.gerasis.cz\/author\/#Person","name":"","url":"https:\/\/www.gerasis.cz\/author\/","identifier":1,"image":{"@type":"ImageObject","@id":"https:\/\/secure.gravatar.com\/avatar\/edf965aa5e6319b22667bed24bb070a38fc0326fd1c728db50dc1d860a4a16ad?s=96&d=mm&r=g","url":"https:\/\/secure.gravatar.com\/avatar\/edf965aa5e6319b22667bed24bb070a38fc0326fd1c728db50dc1d860a4a16ad?s=96&d=mm&r=g","height":96,"width":96}},"publisher":{"@type":"Organization","name":"gerasis.cz","logo":{"@type":"ImageObject","@id":"\/logo.png","url":"\/logo.png","width":600,"height":60}},"image":{"@type":"ImageObject","@id":"https:\/\/www.gerasis.cz\/wp-content\/uploads\/ventilator-349658_960_720_3.jpg","url":"https:\/\/www.gerasis.cz\/wp-content\/uploads\/ventilator-349658_960_720_3.jpg","height":0,"width":0},"url":"https:\/\/www.gerasis.cz\/vlazny-vzduch-doma\/","about":["Nakupov\u00e1n\u00ed"],"wordCount":452,"articleBody":"        style=&#8220;margin:0cm 0cm  8pt&#8220;&gt;Opravdu nerada vzpom\u00edn\u00e1m na ty \u010dasy, kdy\u017e jsem byla doma a bylo \u00faporn\u00e9 vedro. Proto\u017ee nem\u00e1m r\u00e1da vedro, hlavn\u011b kdy\u017e se pot\u00edm. A nem\u00e1m r\u00e1da, kdy se na m\u011b lep\u00ed oble\u010den\u00ed a kdy\u017e cel\u00e1 pot\u00edm. V\u017edycky jsem tou\u017eila po tom, \u017ee budu m\u00edt n\u011bjak\u00e9 vzdu\u0161n\u00fd mal\u00fd byt anebo domek, kde budu m\u00edt n\u011bjakou klimatizaci, proto\u017ee vedro sn\u00e1\u0161\u00edm opravdu \u0161patn\u011b a nem\u00e1m r\u00e1da, kdy se mus\u00edm st\u00e1le p\u0159evl\u00e9kat. A sice ano, jsem \u017eena a r\u00e1da nos\u00edm oble\u010den\u00ed. Ale nechci se p\u0159evl\u00e9kat n\u011bkolikr\u00e1t za den, jenom kv\u016fli tomu \u017ee se pot\u00edm. Takhle kolikr\u00e1t si mus\u00edm p\u0159evl\u00e9kat sv\u00e9 obl\u00edben\u00e9 \u0161aty n\u011bkolikr\u00e1t denn\u011b.Bohu\u017eel pat\u0159\u00edm k t\u011bm lidem, kte\u0159\u00ed maj\u00ed sm\u016flu na to, \u017ee se hodn\u011b pot\u00ed. Byla jsem u\u017e dvakr\u00e1t kv\u016fli tomu u l\u00e9ka\u0159e, ale bohu\u017eel mi nepomohl. A sice jsem brala n\u011bjak\u00e9 l\u00e9ky, ale ned\u011blaly mi dob\u0159e na \u017ealudek, tak jsem p\u0159estala je rad\u011bji br\u00e1t. Nakonec jsem to vy\u0159e\u0161ila tak, \u017ee jsem si domluvila sch\u016fzku ve firm\u011b elmontech.cz, kte\u0159\u00ed se zab\u00fdvaj\u00ed klimatizac\u00ed. A ve firm\u011b elmontech.cz mi poradili, jak\u00e1 klimatizace bude ke mn\u011b dom\u016f nejv\u00edce vhodn\u00e1. Po\u0159\u00eddila jsem si dv\u011b. Jednu men\u0161\u00ed do lo\u017enice, proto\u017ee nem\u00e1m r\u00e1da vedro v lo\u017enici. A dal\u0161\u00ed druhou jsem si po\u0159\u00eddila do ob\u00fdvac\u00edho pokoje, kde tr\u00e1v\u00edm v\u011bt\u0161inu \u010dasu.Chod\u00ed ke mn\u011b taky n\u00e1v\u0161t\u011bva, hlavn\u011b moje m\u00e1ma, kter\u00e1 taky nesnese vedro. A tak jsme si \u0159ekly, \u017ee i m\u00e1m\u011b po\u0159\u00edd\u00edme klimatizaci z Prahy dom\u016f. A jsem r\u00e1da, \u017ee pra\u017esk\u00e1 klimatizace je opravdu kvalitn\u00ed. Doporu\u010dili n\u00e1m skv\u011bl\u00e9 v\u00fdrobky, kter\u00e9 n\u00e1m slou\u017e\u00ed a jsem r\u00e1da, \u017ee d\u00edky pra\u017esk\u00e9 klimatizace u\u017e nem\u00e1me doma opravdov\u00e9 vedro, ale m\u016f\u017eeme se tam p\u0159\u00edjemn\u011b bavit a sed\u011bt u televize nebo si p\u011bkn\u011b pov\u00eddat. Tak\u017ee pokud chcete p\u0159\u00edjemn\u00e9 bydlen\u00ed, tak se nebojte a nav\u0161tivte klimatizace Praha Elmontech a uvid\u00edte, co v\u00e1m doporu\u010d\u00ed. Maj\u00ed i prima ceny. Tak\u017ee jsem byla v\u00e1\u017en\u011b moc r\u00e1da, \u017ee jsem neutratila ani moc pen\u011bz, proto\u017ee si to nemohu dovolit. Spl\u00e1c\u00edm toti\u017e dv\u011b p\u016fj\u010dky a nejsou tam tedy moc n\u00edzk\u00e9 spl\u00e1tky. Ale na druhou stranu v\u00edm, \u017ee nic nen\u00ed zadarmo.                                                                                                                                                                                                                                                                                                                                                                                          4.1\/5 - (14 votes)        "},{"@context":"https:\/\/schema.org\/","@type":"BreadcrumbList","itemListElement":[{"@type":"ListItem","position":1,"name":"Vla\u017en\u00fd vzduch doma","item":"https:\/\/www.gerasis.cz\/vlazny-vzduch-doma\/#breadcrumbitem"}]}]